{"id":6234,"date":"2025-09-11T07:37:25","date_gmt":"2025-09-11T10:37:25","guid":{"rendered":"https:\/\/falcaoperegrino.org.br\/?p=6234"},"modified":"2025-10-19T18:52:35","modified_gmt":"2025-10-19T21:52:35","slug":"42a-festa-de-confraternizacao-do-g-e-falcao-peregrino","status":"publish","type":"post","link":"https:\/\/falcaoperegrino.org.br\/index.php\/2025\/09\/42a-festa-de-confraternizacao-do-g-e-falcao-peregrino\/","title":{"rendered":"42\u00aa Festa de Confraterniza\u00e7\u00e3o do G.E. Falc\u00e3o Peregrino"},"content":{"rendered":"<p><img loading=\"lazy\" decoding=\"async\" class=\"aligncenter wp-image-6268 size-full\" src=\"https:\/\/falcaoperegrino.org.br\/wp-content\/uploads\/GEFP-42a-Festa-Confraternizacao.jpg\" alt=\"\" width=\"1131\" height=\"1600\" srcset=\"https:\/\/falcaoperegrino.org.br\/wp-content\/uploads\/GEFP-42a-Festa-Confraternizacao.jpg 1131w, https:\/\/falcaoperegrino.org.br\/wp-content\/uploads\/GEFP-42a-Festa-Confraternizacao-212x300.jpg 212w, https:\/\/falcaoperegrino.org.br\/wp-content\/uploads\/GEFP-42a-Festa-Confraternizacao-680x962.jpg 680w, https:\/\/falcaoperegrino.org.br\/wp-content\/uploads\/GEFP-42a-Festa-Confraternizacao-768x1086.jpg 768w, https:\/\/falcaoperegrino.org.br\/wp-content\/uploads\/GEFP-42a-Festa-Confraternizacao-1086x1536.jpg 1086w\" sizes=\"(max-width: 1131px) 100vw, 1131px\" \/><\/p>\n<p data-start=\"94\" data-end=\"209\">&#x1f31f; <strong data-start=\"97\" data-end=\"171\">42\u00aa Festa de Confraterniza\u00e7\u00e3o do G.E. Falc\u00e3o Peregrino<\/strong> &#x1f31f;<br data-start=\"174\" data-end=\"177\" \/>&#x2728; <strong data-start=\"179\" data-end=\"205\">La\u00e7os de Amizade<\/strong> &#x2728;<\/p>\n<p data-start=\"211\" data-end=\"386\">&#x1f4c5; <strong data-start=\"214\" data-end=\"239\">26 de outubro de 2025<\/strong><br data-start=\"239\" data-end=\"242\" \/>&#x1f55a; <strong data-start=\"245\" data-end=\"263\">Das 11h \u00e0s 17h<\/strong><br data-start=\"263\" data-end=\"266\" \/>&#x1f4cd; <strong data-start=\"269\" data-end=\"384\">Rua Dr. Jos\u00e9 de Moura Resende, 700 \u2013 Caxingui (pertinho do Metr\u00f4 Morumbi \u2013 Linha Amarela e do Shopping Butant\u00e3)<\/strong><\/p>\n<p data-start=\"388\" data-end=\"702\">Prepare-se para um dia cheio de alegria, amizade e celebra\u00e7\u00e3o!<br data-start=\"450\" data-end=\"453\" \/>Teremos <strong data-start=\"461\" data-end=\"484\">barracas deliciosas<\/strong> (churrasco, hot dog coreano, tempur\u00e1, poke, guioza, bubble, raspadinha), al\u00e9m do tradicional <strong data-start=\"578\" data-end=\"596\">bazar das m\u00e3es<\/strong> com artesanato, costura, toalhas e panos, <strong data-start=\"639\" data-end=\"649\">brech\u00f3<\/strong> e muitas <strong data-start=\"659\" data-end=\"675\">brincadeiras<\/strong> para todas as idades. &#x1f389;<\/p>\n<p>As apresenta\u00e7\u00f5es culturais v\u00e3o trazer ainda mais encanto:<br \/>\n&#x1f3b6; Bon Odori<br \/>\n&#x1f941; Taiko<br \/>\n&#x1f94b; Aikido<br \/>\n&#x1f3bc; Shamisen (Sankyu)<\/p>\n<p data-start=\"1079\" data-end=\"1237\">&#x1f680; Traga sua tropa, sua fam\u00edlia e seus amigos para celebrar o escotismo em grande estilo com <strong data-start=\"1148\" data-end=\"1197\">boa comida, m\u00fasica, cultura e muita divers\u00e3o<\/strong>!<\/p>\n<p data-start=\"1239\" data-end=\"1326\">&#x1f4a5; <strong data-start=\"1242\" data-end=\"1321\">G.E. Falc\u00e3o Peregrino \u2013 construindo La\u00e7os de Amizade que duram para sempre!<\/strong> &#x1f4a5;<\/p>\n<p data-start=\"1239\" data-end=\"1326\">E ainda com o apoio de patrocinadores que acreditam na for\u00e7a da juventude e da amizade:<\/p>\n<p><img loading=\"lazy\" decoding=\"async\" src=\"https:\/\/falcaoperegrino.org.br\/wp-content\/uploads\/2025_confraternizacao_patrocinadores.png\" usemap=\"#map\" width=\"537\" height=\"700\" border=\"0\" \/><\/p>\n<p data-start=\"1239\" data-end=\"1326\">\n<map name=\"map\"> <!-- #$-:Image map file created by GIMP Image Map plug-in --><br \/>\n<!-- #$-:GIMP Image Map plug-in by Maurits Rijk --><br \/>\n<!-- #$-:Please do not edit lines starting with \"#$\" --><br \/>\n<!-- #$VERSION:2.3 --><br \/>\n<!-- #$AUTHOR:Fabio Yamamoto --><\/map>\n<\/p>\n<p>&nbsp;<\/p>\n","protected":false},"excerpt":{"rendered":"<p>&#x1f31f; 42\u00aa Festa de Confraterniza\u00e7\u00e3o do G.E. Falc\u00e3o Peregrino &#x1f31f;&#x2728; La\u00e7os de Amizade &#x2728; &#x1f4c5; 26 de outubro de 2025&#x1f55a; Das 11h \u00e0s 17h&#x1f4cd; Rua Dr. Jos\u00e9 de Moura Resende, 700 \u2013 Caxingui (pertinho do Metr\u00f4 Morumbi \u2013 Linha Amarela e do Shopping Butant\u00e3) Prepare-se para um dia cheio de alegria, amizade e celebra\u00e7\u00e3o!Teremos barracas [&hellip;]<\/p>\n","protected":false},"author":100,"featured_media":6268,"comment_status":"closed","ping_status":"closed","sticky":false,"template":"","format":"standard","meta":{"footnotes":""},"categories":[4,22],"tags":[],"class_list":["post-6234","post","type-post","status-publish","format-standard","has-post-thumbnail","hentry","category-assuntos-gerais","category-eventos"],"_links":{"self":[{"href":"https:\/\/falcaoperegrino.org.br\/index.php\/wp-json\/wp\/v2\/posts\/6234"}],"collection":[{"href":"https:\/\/falcaoperegrino.org.br\/index.php\/wp-json\/wp\/v2\/posts"}],"about":[{"href":"https:\/\/falcaoperegrino.org.br\/index.php\/wp-json\/wp\/v2\/types\/post"}],"author":[{"embeddable":true,"href":"https:\/\/falcaoperegrino.org.br\/index.php\/wp-json\/wp\/v2\/users\/100"}],"replies":[{"embeddable":true,"href":"https:\/\/falcaoperegrino.org.br\/index.php\/wp-json\/wp\/v2\/comments?post=6234"}],"version-history":[{"count":20,"href":"https:\/\/falcaoperegrino.org.br\/index.php\/wp-json\/wp\/v2\/posts\/6234\/revisions"}],"predecessor-version":[{"id":6270,"href":"https:\/\/falcaoperegrino.org.br\/index.php\/wp-json\/wp\/v2\/posts\/6234\/revisions\/6270"}],"wp:featuredmedia":[{"embeddable":true,"href":"https:\/\/falcaoperegrino.org.br\/index.php\/wp-json\/wp\/v2\/media\/6268"}],"wp:attachment":[{"href":"https:\/\/falcaoperegrino.org.br\/index.php\/wp-json\/wp\/v2\/media?parent=6234"}],"wp:term":[{"taxonomy":"category","embeddable":true,"href":"https:\/\/falcaoperegrino.org.br\/index.php\/wp-json\/wp\/v2\/categories?post=6234"},{"taxonomy":"post_tag","embeddable":true,"href":"https:\/\/falcaoperegrino.org.br\/index.php\/wp-json\/wp\/v2\/tags?post=6234"}],"curies":[{"name":"wp","href":"https:\/\/api.w.org\/{rel}","templated":true}]}}