{"id":6101,"date":"2024-03-11T18:35:55","date_gmt":"2024-03-11T21:35:55","guid":{"rendered":"https:\/\/falcaoperegrino.org.br\/?p=6101"},"modified":"2024-06-24T13:13:04","modified_gmt":"2024-06-24T16:13:04","slug":"dia-das-mulheres-um-dia-para-pensarmos-diferente","status":"publish","type":"post","link":"https:\/\/falcaoperegrino.org.br\/index.php\/2024\/03\/dia-das-mulheres-um-dia-para-pensarmos-diferente\/","title":{"rendered":"Dia das mulheres: Um dia para pensarmos diferente"},"content":{"rendered":"<p><img loading=\"lazy\" decoding=\"async\" class=\"wp-image-6110 size-large aligncenter\" src=\"https:\/\/falcaoperegrino.org.br\/wp-content\/uploads\/mulheres-no-escotismo-1-680x382.jpg\" alt=\"\" width=\"680\" height=\"382\" srcset=\"https:\/\/falcaoperegrino.org.br\/wp-content\/uploads\/mulheres-no-escotismo-1-680x382.jpg 680w, https:\/\/falcaoperegrino.org.br\/wp-content\/uploads\/mulheres-no-escotismo-1-300x169.jpg 300w, https:\/\/falcaoperegrino.org.br\/wp-content\/uploads\/mulheres-no-escotismo-1-768x432.jpg 768w, https:\/\/falcaoperegrino.org.br\/wp-content\/uploads\/mulheres-no-escotismo-1.jpg 774w\" sizes=\"(max-width: 680px) 100vw, 680px\" \/><\/p>\n<p><span style=\"font-weight: 400;\">Nesta data \u00e9 muito comum ver diferentes comemora\u00e7\u00f5es sobre o dia da mulher. Hoje, quero convidar voc\u00ea para algumas reflex\u00f5es e, quem sabe assim, voc\u00ea possa pensar algo novo sobre essa data, oficializada pelas Na\u00e7\u00f5es Unidas em 1977 para lembrar das conquistas e pautas pol\u00edticas e sociais das mulheres.<\/span><\/p>\n<p><span style=\"font-weight: 400;\">Come\u00e7o contando sobre minha hist\u00f3ria, que come\u00e7a desde pequena, j\u00e1 que minha fam\u00edlia toda sempre foi parte do G.E. Falc\u00e3o Peregrino. Como sou a ca\u00e7ula, acabei frequentando o grupo quando ainda era beb\u00ea e por isso sou escoteira desde que me conhe\u00e7o por gente!\u00a0<\/span><\/p>\n<p><img loading=\"lazy\" decoding=\"async\" class=\"aligncenter wp-image-6102\" src=\"https:\/\/falcaoperegrino.org.br\/wp-content\/uploads\/dia-mulheres-2024-falcao-peregrino-escoteiro-225x300.jpg\" alt=\"dia-mulheres-2024-falcao-peregrino-escoteiro\" width=\"350\" height=\"467\" srcset=\"https:\/\/falcaoperegrino.org.br\/wp-content\/uploads\/dia-mulheres-2024-falcao-peregrino-escoteiro-225x300.jpg 225w, https:\/\/falcaoperegrino.org.br\/wp-content\/uploads\/dia-mulheres-2024-falcao-peregrino-escoteiro-680x907.jpg 680w, https:\/\/falcaoperegrino.org.br\/wp-content\/uploads\/dia-mulheres-2024-falcao-peregrino-escoteiro-768x1024.jpg 768w, https:\/\/falcaoperegrino.org.br\/wp-content\/uploads\/dia-mulheres-2024-falcao-peregrino-escoteiro-1152x1536.jpg 1152w, https:\/\/falcaoperegrino.org.br\/wp-content\/uploads\/dia-mulheres-2024-falcao-peregrino-escoteiro.jpg 1200w\" sizes=\"(max-width: 350px) 100vw, 350px\" \/><\/p>\n<p><span style=\"font-weight: 400;\">A foto, de quando eu era lobinha (~9 anos?), mostra as mulheres de 4 gera\u00e7\u00f5es da minha fam\u00edlia no portal da nossa t\u00edpica Festa de Confraterniza\u00e7\u00e3o. Minha bisav\u00f3 Francisca que veio de navio do Jap\u00e3o quando era jovem e que j\u00e1 valorizava a educa\u00e7\u00e3o; minha av\u00f3 Isabel que at\u00e9 hoje apoia nas prepara\u00e7\u00f5es das atividades, festas e bazares; minha m\u00e3e Cristina que foi chefe e presidente do grupo; e por fim eu, Christie, ainda uma lobinha que n\u00e3o sabia o quanto essas mulheres seriam uma inspira\u00e7\u00e3o na minha vida. &#x2764;&#xfe0f;<\/span><\/p>\n<p><span style=\"font-weight: 400;\">O movimento escoteiro proporciona a educa\u00e7\u00e3o de jovens trabalhando em diferentes \u00e1reas de desenvolvimento: f\u00edsico, afetivo, car\u00e1ter, espiritual, intelectual e social. Para que se concretize, precisamos de adultos volunt\u00e1rios, seja trabalhando diretamente com os(as) jovens, em fun\u00e7\u00f5es administrativas ou apoiando nas atividades e festas. Seja qual for o nosso papel, estamos sujeitos ao olhar das crian\u00e7as e jovens, que percebem nossa forma de falar, nossos valores e a cultura do nosso grupo escoteiro. Por isso, quando temos bons exemplos de mulheres e homens trabalhando juntos, no qual as mulheres participam em igualdade, lideram e possuem as mais variadas fun\u00e7\u00f5es, temos uma \u00f3tima forma de mostrar para todos(as) os(as) jovens que as mulheres s\u00e3o competentes e participam do movimento escoteiro da mesma forma que os homens.<\/span><\/p>\n<p><span style=\"font-weight: 400;\">Pode parecer algo \u00f3bvio, mas \u00e9 s\u00f3 pensar: no seu trabalho, na pol\u00edtica ou nos esportes, qual \u00e9 o g\u00eanero que predomina com os cargos mais altos ou que possui mais visibilidade?\u00a0<\/span><\/p>\n<p><span style=\"font-weight: 400;\">A desigualdade de g\u00eanero est\u00e1 presente em toda a sociedade e alguns de seus vieses tamb\u00e9m est\u00e3o em n\u00f3s, mesmo quando n\u00e3o percebemos. Sobre esse tema, tem dois v\u00eddeos curtos que gosto bastante e que valem a pena ver: <\/span><a href=\"https:\/\/www.youtube.com\/watch?v=8YH5cTJu82M\"><span style=\"font-weight: 400;\">um sobre como as crian\u00e7as veem profiss\u00f5es<\/span><\/a><span style=\"font-weight: 400;\">; o outro <\/span><a href=\"https:\/\/www.youtube.com\/watch?v=XoZrZ7qPqio\"><span style=\"font-weight: 400;\">aplicado ao mundo dos esportes feito pela ESPN.<\/span><\/a><span style=\"font-weight: 400;\">\u00a0<\/span><\/p>\n<p><span style=\"font-weight: 400;\">Agora que chegamos nesse ponto, podemos aprofundar e pensar no que \u00e9 poss\u00edvel fazer\u00a0 diferente no nosso dia a dia &#x1f609;<\/span><\/p>\n<h2><span style=\"font-weight: 400;\">Para refletir em casa<\/span><\/h2>\n<p><span style=\"font-weight: 400;\">Comece assistindo ao v\u00eddeo da Plan International Brasil:<\/span><a href=\"https:\/\/youtu.be\/04u0UHEq2f4?si=VyqW7zQRpZ9MidV8\"><span style=\"font-weight: 400;\"> O Desafio da Igualdade<\/span><\/a><span style=\"font-weight: 400;\">. O que ele fez voc\u00ea pensar?\u00a0<\/span><\/p>\n<p><span style=\"font-weight: 400;\">Em casa, <\/span><span style=\"font-weight: 400;\">meninos e meninas dividem e t\u00eam a mesma cobran\u00e7a sobre tarefas? Ambos podem se expressar e se sujar da mesma maneira? Ambos t\u00eam acesso a brinquedos e brincadeiras inteligentes e criativas?<\/span><\/p>\n<p><span style=\"font-weight: 400;\">Essas s\u00e3o algumas perguntas que ajudam a pensar se estamos criando oportunidades iguais, sem cair em algum vi\u00e9s de g\u00eanero (ou seja, por ser de determinado g\u00eanero, \u00e9 esperado que tenha uma certa caracter\u00edstica como \u201cmeninos n\u00e3o choram\u201d; \u201cmeninas est\u00e3o sempre arrumadinhas\u201d). Neste assunto, tamb\u00e9m gosto muito do comercial da <\/span><i><span style=\"font-weight: 400;\">Always <\/span><\/i><span style=\"font-weight: 400;\">que discute <\/span><a href=\"https:\/\/www.youtube.com\/watch?v=UfcTuQfHKE0\"><span style=\"font-weight: 400;\">o que \u00e9 fazer algo \u201ccomo uma garota\u201d<\/span><\/a><span style=\"font-weight: 400;\">.<\/span><\/p>\n<h2><span style=\"font-weight: 400;\">Para refletir no escotismo<\/span><\/h2>\n<p><span style=\"font-weight: 400;\">Em 2019, as mulheres correspondiam \u00e0 40% dos associados no Brasil. Quando pensamos em cada ramo, podemos ver as diferen\u00e7as entre os g\u00eaneros:<\/span><\/p>\n<p style=\"text-align: center;\"><img loading=\"lazy\" decoding=\"async\" class=\"aligncenter wp-image-6106 size-full\" src=\"https:\/\/falcaoperegrino.org.br\/wp-content\/uploads\/unnamed.png\" alt=\"\" width=\"434\" height=\"261\" srcset=\"https:\/\/falcaoperegrino.org.br\/wp-content\/uploads\/unnamed.png 434w, https:\/\/falcaoperegrino.org.br\/wp-content\/uploads\/unnamed-300x180.png 300w\" sizes=\"(max-width: 434px) 100vw, 434px\" \/><br \/>\n<em><span style=\"font-weight: 400;\">Acesse o infogr\u00e1fico completo em: <\/span><a href=\"https:\/\/i0.wp.com\/www.escoteirosba.org.br\/wp-content\/uploads\/2021\/01\/1.1.1-Foto-Gra%CC%81fico-1-800x515-1.png?w=800&amp;ssl=1\"><span style=\"font-weight: 400;\">https:\/\/i0.wp.com\/www.escoteirosba.org.br\/wp-content\/uploads\/2021\/01\/1.1.1-Foto-Gra%CC%81fico-1-800&#215;515-1.png?w=800&amp;ssl=1<\/span><\/a><\/em><\/p>\n<p><span style=\"font-weight: 400;\">Se o escotismo proporciona uma educa\u00e7\u00e3o igual para todos, porque ainda estamos vendo essas diferen\u00e7as?<\/span><\/p>\n<p><span style=\"font-weight: 400;\">E no seu grupo escoteiro, como est\u00e1 a propor\u00e7\u00e3o de meninos e meninas nos ramos? E na equipe de adultos? Existem oportunidades para essa distribui\u00e7\u00e3o ser mais equilibrada?<\/span><\/p>\n<p>&nbsp;<\/p>\n<p><span style=\"font-weight: 400;\">Para mudarmos algumas dessas realidades, gostaria de compartilhar pr\u00e1ticas que foram (e s\u00e3o) importantes no nosso grupo escoteiro:<\/span><\/p>\n<ul>\n<li aria-level=\"1\"><b>Discutir e conscientizar adultos e jovens sobre a tem\u00e1tica da igualdade de g\u00eanero.<\/b><\/li>\n<li aria-level=\"1\"><b>Buscar equil\u00edbrio de g\u00eanero: <\/b><span style=\"font-weight: 400;\">anos atr\u00e1s no ramo lobinho, percebemos que est\u00e1vamos em um\u00a0 cen\u00e1rio em que 1\/3 das crian\u00e7as eram meninas. Por isso, quando faz\u00edamos a distribui\u00e7\u00e3o em equipes, era not\u00e1vel a diferen\u00e7a quando meninas faziam um par com outra menina. Quanto menos meninas juntas, menos queriam vir. Quisemos ent\u00e3o balancear a entrada de meninas e meninos, buscando a\u00e7\u00f5es que ajudassem a gerar mais interesse de meninas pelo escotismo e tamb\u00e9m fizemos algumas mudan\u00e7as em nossas atividades para reter mais as crian\u00e7as. Ficamos muito felizes porque hoje estamos em um equil\u00edbrio de 50%! Essa a\u00e7\u00e3o tamb\u00e9m ajuda a garantir que nas faixas et\u00e1rias seguintes continuemos com uma boa propor\u00e7\u00e3o entre g\u00eaneros.<\/span><\/li>\n<li aria-level=\"1\"><b>Nas tarefas do dia a dia garantir que estamos prestando aten\u00e7\u00e3o para incluir meninos e meninas. <\/b><span style=\"font-weight: 400;\">Por exemplo, quando vamos hastear a bandeira, chamamos um par; quando discutimos algum assunto, asseguramos a contribui\u00e7\u00e3o de todos(as).<\/span><\/li>\n<li aria-level=\"1\"><b>Incluir nas comunica\u00e7\u00f5es uma linguagem mais inclusiva<\/b><span style=\"font-weight: 400;\">. Por exemplo, se voc\u00ea estiver falando sobre o ramo S\u00eanior, poderia se referir aos jovens como \u201cseniores e guias\u201d; quando estamos em um grupo s\u00f3 de mulheres, podemos privilegiar a nos referir como escoteir<\/span><b>as<\/b><span style=\"font-weight: 400;\">; ou mesmo quando falamos em \u201cpais\u201d, podemos transformar em \u201cpais e m\u00e3es\u201d ou at\u00e9 abranger como \u201cfam\u00edlias\u201d, pois existem diferentes arranjos familiares, incluindo pais ou m\u00e3es sozinhas, casais de mesmo g\u00eanero ou at\u00e9 a guarda estar com algum outro familiar.\u00a0<\/span><\/li>\n<li aria-level=\"1\"><b>Seja paciente! <\/b><span style=\"font-weight: 400;\">As pessoas t\u00eam contextos diferentes e a mudan\u00e7a \u00e9 um processo em que as diferentes gera\u00e7\u00f5es podem se ajudar.<\/span><\/li>\n<li style=\"list-style-type: none;\"><\/li>\n<\/ul>\n<p><span style=\"font-weight: 400;\">Entendo que a mudan\u00e7a pode gerar desconfortos, mas \u00e9 preciso lembrar que o movimento escoteiro n\u00e3o \u00e9 est\u00e1tico, assim como a cultura e o contexto de um lugar, e que deve refletir a realidade dos(as) jovens, muito mais do que dos adultos (ent\u00e3o j\u00e1 comece a desapegar da famosa frase \u201cna minha \u00e9poca\u2026\u201d).\u00a0<\/span><\/p>\n<p><span style=\"font-weight: 400;\">Por fim, quero deixar um agradecimento de cora\u00e7\u00e3o para todas as mulheres que fizeram parte da minha vida escoteira e mostraram que mulheres podem explorar o mundo, fazer mochil\u00f5es, manusear ferramentas, se expressar, serem l\u00edderes e promotoras de mudan\u00e7as. Aos homens, que continuemos a trabalhar em harmonia e possamos sempre criar di\u00e1logos. Tenho certeza que caminhando juntos estaremos criando um futuro melhor para nossos(as) jovens.<\/span><\/p>\n<p><span style=\"font-weight: 400;\">Agora sim, desejo um feliz dia das mulheres e muitas mudan\u00e7as para os pr\u00f3ximos 364 dias que est\u00e3o por vir!<\/span><\/p>\n","protected":false},"excerpt":{"rendered":"<p>Nesta data \u00e9 muito comum ver diferentes comemora\u00e7\u00f5es sobre o dia da mulher. Hoje, quero convidar voc\u00ea para algumas reflex\u00f5es e, quem sabe assim, voc\u00ea possa pensar algo novo sobre essa data, oficializada pelas Na\u00e7\u00f5es Unidas em 1977 para lembrar das conquistas e pautas pol\u00edticas e sociais das mulheres. Come\u00e7o contando sobre minha hist\u00f3ria, que [&hellip;]<\/p>\n","protected":false},"author":21,"featured_media":6110,"comment_status":"closed","ping_status":"closed","sticky":false,"template":"","format":"standard","meta":{"footnotes":""},"categories":[4],"tags":[],"class_list":["post-6101","post","type-post","status-publish","format-standard","has-post-thumbnail","hentry","category-assuntos-gerais"],"_links":{"self":[{"href":"https:\/\/falcaoperegrino.org.br\/index.php\/wp-json\/wp\/v2\/posts\/6101"}],"collection":[{"href":"https:\/\/falcaoperegrino.org.br\/index.php\/wp-json\/wp\/v2\/posts"}],"about":[{"href":"https:\/\/falcaoperegrino.org.br\/index.php\/wp-json\/wp\/v2\/types\/post"}],"author":[{"embeddable":true,"href":"https:\/\/falcaoperegrino.org.br\/index.php\/wp-json\/wp\/v2\/users\/21"}],"replies":[{"embeddable":true,"href":"https:\/\/falcaoperegrino.org.br\/index.php\/wp-json\/wp\/v2\/comments?post=6101"}],"version-history":[{"count":8,"href":"https:\/\/falcaoperegrino.org.br\/index.php\/wp-json\/wp\/v2\/posts\/6101\/revisions"}],"predecessor-version":[{"id":6112,"href":"https:\/\/falcaoperegrino.org.br\/index.php\/wp-json\/wp\/v2\/posts\/6101\/revisions\/6112"}],"wp:featuredmedia":[{"embeddable":true,"href":"https:\/\/falcaoperegrino.org.br\/index.php\/wp-json\/wp\/v2\/media\/6110"}],"wp:attachment":[{"href":"https:\/\/falcaoperegrino.org.br\/index.php\/wp-json\/wp\/v2\/media?parent=6101"}],"wp:term":[{"taxonomy":"category","embeddable":true,"href":"https:\/\/falcaoperegrino.org.br\/index.php\/wp-json\/wp\/v2\/categories?post=6101"},{"taxonomy":"post_tag","embeddable":true,"href":"https:\/\/falcaoperegrino.org.br\/index.php\/wp-json\/wp\/v2\/tags?post=6101"}],"curies":[{"name":"wp","href":"https:\/\/api.w.org\/{rel}","templated":true}]}}